{"id":462,"date":"2019-10-23T18:23:59","date_gmt":"2019-10-23T16:23:59","guid":{"rendered":"https:\/\/jornadasgiussani.org\/?p=462"},"modified":"2020-11-18T17:14:02","modified_gmt":"2020-11-18T16:14:02","slug":"jornadas-internacionales-de-estudio","status":"publish","type":"post","link":"https:\/\/jornadasgiussani.org\/index.php\/2019\/10\/23\/jornadas-internacionales-de-estudio\/","title":{"rendered":"Jornadas Internacionales de Estudio"},"content":{"rendered":"\n<p>Luigi Giussani (1922-2005) es conocido ante todo como fundador del movimiento eclesial Comuni\u00f3n y Liberaci\u00f3n. Pero m\u00e1s all\u00e1 de ese \u00e1mbito, su figura y su obra han ejercido una notable influencia sobre la Iglesia contempor\u00e1nea, llegando algunas de sus intuiciones y enfoques a ser recogidas por los \u00faltimos papas. Estas jornadas internacionales quieren profundizar en la importancia del pensamiento y la acci\u00f3n de Giussani para la Iglesia del \u00faltimo medio siglo, as\u00ed como identificar a partir de ello perspectivas prometedoras para el anuncio cristiano en el siglo XXI.<\/p>\n\n\n\n<blockquote style=\"text-align:right\" class=\"wp-block-quote is-layout-flow wp-block-quote-is-layout-flow\"><p>\u00abMons. Giussani es uno de esos dones imprevisibles que el Se\u00f1or ha regalado a nuestra Iglesia despu\u00e9s del Concilio, haciendo nacer, m\u00e1s all\u00e1 de todas las estructuras y programaciones pastorales, un florecimiento de personas y movimientos que est\u00e1n brindando milagros de vida nueva dentro de la Iglesia\u00bb <\/p><cite> Jorge Bergoglio <\/cite><\/blockquote>\n\n\n<p><!--EndFragment--><br>\n<br>\n<\/p>","protected":false},"excerpt":{"rendered":"<p>Luigi Giussani (1922-2005) es conocido ante todo como fundador del movimiento eclesial Comuni\u00f3n y Liberaci\u00f3n. Pero m\u00e1s all\u00e1 de ese \u00e1mbito, su figura y su obra han ejercido una notable influencia sobre la Iglesia contempor\u00e1nea, llegando algunas de sus intuiciones y enfoques a ser recogidas por los \u00faltimos papas. Estas jornadas internacionales quieren profundizar en [&hellip;]<\/p>\n","protected":false},"author":2,"featured_media":0,"comment_status":"closed","ping_status":"open","sticky":false,"template":"","format":"standard","meta":{"footnotes":""},"categories":[1],"tags":[],"class_list":["post-462","post","type-post","status-publish","format-standard","hentry","category-sin-categoria"],"gutentor_comment":19,"_links":{"self":[{"href":"https:\/\/jornadasgiussani.org\/index.php\/wp-json\/wp\/v2\/posts\/462","targetHints":{"allow":["GET"]}}],"collection":[{"href":"https:\/\/jornadasgiussani.org\/index.php\/wp-json\/wp\/v2\/posts"}],"about":[{"href":"https:\/\/jornadasgiussani.org\/index.php\/wp-json\/wp\/v2\/types\/post"}],"author":[{"embeddable":true,"href":"https:\/\/jornadasgiussani.org\/index.php\/wp-json\/wp\/v2\/users\/2"}],"replies":[{"embeddable":true,"href":"https:\/\/jornadasgiussani.org\/index.php\/wp-json\/wp\/v2\/comments?post=462"}],"version-history":[{"count":1,"href":"https:\/\/jornadasgiussani.org\/index.php\/wp-json\/wp\/v2\/posts\/462\/revisions"}],"predecessor-version":[{"id":463,"href":"https:\/\/jornadasgiussani.org\/index.php\/wp-json\/wp\/v2\/posts\/462\/revisions\/463"}],"wp:attachment":[{"href":"https:\/\/jornadasgiussani.org\/index.php\/wp-json\/wp\/v2\/media?parent=462"}],"wp:term":[{"taxonomy":"category","embeddable":true,"href":"https:\/\/jornadasgiussani.org\/index.php\/wp-json\/wp\/v2\/categories?post=462"},{"taxonomy":"post_tag","embeddable":true,"href":"https:\/\/jornadasgiussani.org\/index.php\/wp-json\/wp\/v2\/tags?post=462"}],"curies":[{"name":"wp","href":"https:\/\/api.w.org\/{rel}","templated":true}]}}